{"id":1331,"date":"2019-07-24T20:58:23","date_gmt":"2019-07-24T18:58:23","guid":{"rendered":"https:\/\/esmclub.be\/site\/?p=1331"},"modified":"2019-07-24T20:58:23","modified_gmt":"2019-07-24T18:58:23","slug":"resultats-des-we-12-13-et-20-21","status":"publish","type":"post","link":"https:\/\/esmclub.be\/site\/resultats-des-we-12-13-et-20-21\/","title":{"rendered":"R\u00e9sultats des WE 12-13 et 20-21"},"content":{"rendered":"<p><img loading=\"lazy\" decoding=\"async\" class=\"size-medium wp-image-1333 alignleft\" src=\"https:\/\/esmclub.be\/wp-content\/uploads\/2019\/07\/oscar-300x225.jpg\" alt=\"\" width=\"300\" height=\"225\" srcset=\"https:\/\/esmclub.be\/wp-content\/uploads\/2019\/07\/oscar-300x225.jpg 300w, https:\/\/esmclub.be\/wp-content\/uploads\/2019\/07\/oscar-768x577.jpg 768w, https:\/\/esmclub.be\/wp-content\/uploads\/2019\/07\/oscar-1024x769.jpg 1024w, https:\/\/esmclub.be\/wp-content\/uploads\/2019\/07\/oscar.jpg 1848w\" sizes=\"auto, (max-width: 300px) 100vw, 300px\" \/><\/p>\n<p>&nbsp;<\/p>\n<p>&nbsp;<\/p>\n<p>Voici les derniers r\u00e9sultats de nos membres r\u00e9colt\u00e9s par Luc.&nbsp;<!--more--><\/p>\n<table style=\"border-collapse: collapse; width: 99.8527%; height: 1182px;\" border=\"1\">\n<tbody>\n<tr style=\"height: 24px;\">\n<td style=\"width: 85.567%; height: 24px;\" colspan=\"3\" width=\"539\"><strong><span style=\"text-decoration: underline;\">Classement du Trail de la Vall\u00e9e de LaThure \u00e0 Coulsore&nbsp; Le 12\/7\/19<\/span><\/strong><\/td>\n<td style=\"width: 14.2857%; height: 24px;\" width=\"97\">&nbsp;<\/td>\n<\/tr>\n<tr style=\"height: 24px;\">\n<td style=\"width: 12.813%; height: 24px;\"><strong>14 Km<\/strong><\/td>\n<td style=\"width: 63.1811%; height: 24px;\">33 Class\u00e9s<\/td>\n<td style=\"width: 9.5729%; height: 24px;\">&nbsp;<\/td>\n<td style=\"width: 14.2857%; height: 24px;\">&nbsp;<\/td>\n<\/tr>\n<tr style=\"height: 24px;\">\n<td style=\"width: 12.813%; height: 24px;\">8<\/td>\n<td style=\"width: 63.1811%; height: 24px;\">DEHOUCK Virginie<\/td>\n<td style=\"width: 9.5729%; height: 24px;\">1h16&rsquo;37<\/td>\n<td style=\"width: 14.2857%; height: 24px;\">1 DA<\/td>\n<\/tr>\n<tr style=\"height: 24px;\">\n<td style=\"width: 12.813%; height: 24px;\"><strong>24 Km<\/strong><\/td>\n<td style=\"width: 63.1811%; height: 24px;\">22 Class\u00e9s<\/td>\n<td style=\"width: 9.5729%; height: 24px;\">&nbsp;<\/td>\n<td style=\"width: 14.2857%; height: 24px;\">&nbsp;<\/td>\n<\/tr>\n<tr style=\"height: 24px;\">\n<td style=\"width: 12.813%; height: 24px;\">1<\/td>\n<td style=\"width: 63.1811%; height: 24px;\">MORTIER Pierre<\/td>\n<td style=\"width: 9.5729%; height: 24px;\">1h50&rsquo;58<\/td>\n<td style=\"width: 14.2857%; height: 24px;\">1 V2<\/td>\n<\/tr>\n<tr style=\"height: 63px;\">\n<td style=\"width: 75.9941%; height: 63px;\" colspan=\"2\">&nbsp;<\/p>\n<p><strong><span style=\"text-decoration: underline;\">Classement du Jogging de l&rsquo;Hermeton \u00e0 Romedenne&nbsp; Le 13\/7\/19<\/span><\/strong><\/td>\n<td style=\"width: 9.5729%; height: 63px;\">&nbsp;<\/td>\n<td style=\"width: 14.2857%; height: 63px;\">&nbsp;<\/td>\n<\/tr>\n<tr style=\"height: 24px;\">\n<td style=\"width: 12.813%; height: 24px;\"><strong>14 Km<\/strong><\/td>\n<td style=\"width: 63.1811%; height: 24px;\">149 Class\u00e9s<\/td>\n<td style=\"width: 9.5729%; height: 24px;\">&nbsp;<\/td>\n<td style=\"width: 14.2857%; height: 24px;\">&nbsp;<\/td>\n<\/tr>\n<tr style=\"height: 24px;\">\n<td style=\"width: 12.813%; height: 24px;\">5<\/td>\n<td style=\"width: 63.1811%; height: 24px;\">BRASSEUR Ludovic<\/td>\n<td style=\"width: 9.5729%; height: 24px;\">55&rsquo;32<\/td>\n<td style=\"width: 14.2857%; height: 24px;\">4 SE<\/td>\n<\/tr>\n<tr style=\"height: 24px;\">\n<td style=\"width: 12.813%; height: 24px;\">24<\/td>\n<td style=\"width: 63.1811%; height: 24px;\">BRUNEBARBE Jo\u00ebl<\/td>\n<td style=\"width: 9.5729%; height: 24px;\">1h02&rsquo;06<\/td>\n<td style=\"width: 14.2857%; height: 24px;\">5 V1<\/td>\n<\/tr>\n<tr style=\"height: 24px;\">\n<td style=\"width: 12.813%; height: 24px;\">46<\/td>\n<td style=\"width: 63.1811%; height: 24px;\">ES Christian<\/td>\n<td style=\"width: 9.5729%; height: 24px;\">1h07&rsquo;25<\/td>\n<td style=\"width: 14.2857%; height: 24px;\">4 V3<\/td>\n<\/tr>\n<tr style=\"height: 24px;\">\n<td style=\"width: 12.813%; height: 24px;\">52<\/td>\n<td style=\"width: 63.1811%; height: 24px;\">HAMOIR Karen<\/td>\n<td style=\"width: 9.5729%; height: 24px;\">1h09&rsquo;08<\/td>\n<td style=\"width: 14.2857%; height: 24px;\">2 A1<\/td>\n<\/tr>\n<tr style=\"height: 24px;\">\n<td style=\"width: 12.813%; height: 24px;\">65<\/td>\n<td style=\"width: 63.1811%; height: 24px;\">BRICE Virginie<\/td>\n<td style=\"width: 9.5729%; height: 24px;\">1h10&rsquo;52<\/td>\n<td style=\"width: 14.2857%; height: 24px;\">3 A1<\/td>\n<\/tr>\n<tr style=\"height: 63px;\">\n<td style=\"width: 85.567%; height: 63px;\" colspan=\"3\">&nbsp;<\/p>\n<p><strong><span style=\"text-decoration: underline;\">Classement du Jogging de la Fraternit\u00e9 \u00e0 Villers Ppoterie&nbsp; Le 13\/7\/19<\/span><\/strong><\/td>\n<td style=\"width: 14.2857%; height: 63px;\">&nbsp;<\/td>\n<\/tr>\n<tr style=\"height: 24px;\">\n<td style=\"width: 12.813%; height: 24px;\"><strong>13,3 Km<\/strong><\/td>\n<td style=\"width: 63.1811%; height: 24px;\">140 Class\u00e9s<\/td>\n<td style=\"width: 9.5729%; height: 24px;\">&nbsp;<\/td>\n<td style=\"width: 14.2857%; height: 24px;\">&nbsp;<\/td>\n<\/tr>\n<tr style=\"height: 24px;\">\n<td style=\"width: 12.813%; height: 24px;\">9<\/td>\n<td style=\"width: 63.1811%; height: 24px;\">DRYGALSKI Tom<\/td>\n<td style=\"width: 9.5729%; height: 24px;\">54&rsquo;41<\/td>\n<td style=\"width: 14.2857%; height: 24px;\">6 SE<\/td>\n<\/tr>\n<tr style=\"height: 24px;\">\n<td style=\"width: 12.813%; height: 24px;\">38<\/td>\n<td style=\"width: 63.1811%; height: 24px;\">COVOLAN Sergio<\/td>\n<td style=\"width: 9.5729%; height: 24px;\">1h03&rsquo;04<\/td>\n<td style=\"width: 14.2857%; height: 24px;\">9 V2<\/td>\n<\/tr>\n<tr style=\"height: 24px;\">\n<td style=\"width: 12.813%; height: 24px;\">68<\/td>\n<td style=\"width: 63.1811%; height: 24px;\">DEMOULIN Alain<\/td>\n<td style=\"width: 9.5729%; height: 24px;\">1h07&rsquo;59<\/td>\n<td style=\"width: 14.2857%; height: 24px;\">6 V3<\/td>\n<\/tr>\n<tr style=\"height: 24px;\">\n<td style=\"width: 12.813%; height: 24px;\">75<\/td>\n<td style=\"width: 63.1811%; height: 24px;\">STICKER Johan<\/td>\n<td style=\"width: 9.5729%; height: 24px;\">1h10&rsquo;16<\/td>\n<td style=\"width: 14.2857%; height: 24px;\">8 V3<\/td>\n<\/tr>\n<tr style=\"height: 24px;\">\n<td style=\"width: 12.813%; height: 24px;\">95<\/td>\n<td style=\"width: 63.1811%; height: 24px;\">COMANDINI Luciano<\/td>\n<td style=\"width: 9.5729%; height: 24px;\">1h14&rsquo;50<\/td>\n<td style=\"width: 14.2857%; height: 24px;\">12 V3<\/td>\n<\/tr>\n<tr style=\"height: 24px;\">\n<td style=\"width: 75.9941%; height: 24px;\" colspan=\"2\">&nbsp;<\/p>\n<p><strong><span style=\"text-decoration: underline;\">Classement du Relais des R\u00e9calcitrants \u00e0 La Hestre&nbsp; Le 13\/7\/19<\/span><\/strong><\/td>\n<td style=\"width: 9.5729%; height: 24px;\">&nbsp;<\/td>\n<td style=\"width: 14.2857%; height: 24px;\">&nbsp;<\/td>\n<\/tr>\n<tr style=\"height: 24px;\">\n<td style=\"width: 12.813%; height: 24px;\"><strong>3X3,1 Km<\/strong><\/td>\n<td style=\"width: 63.1811%; height: 24px;\">183 Equipes&nbsp; Class\u00e9es<\/td>\n<td style=\"width: 9.5729%; height: 24px;\">&nbsp;<\/td>\n<td style=\"width: 14.2857%; height: 24px;\">&nbsp;<\/td>\n<\/tr>\n<tr style=\"height: 24px;\">\n<td style=\"width: 12.813%; height: 24px;\">11<\/td>\n<td style=\"width: 63.1811%; height: 24px;\">GALLUCCIO Antonio \/ DEN HOUDIJKER David<\/td>\n<td style=\"width: 9.5729%; height: 24px;\">40&rsquo;24<\/td>\n<td style=\"width: 14.2857%; height: 24px;\">1 V2<\/td>\n<\/tr>\n<tr style=\"height: 24px;\">\n<td style=\"width: 12.813%; height: 24px;\">22<\/td>\n<td style=\"width: 63.1811%; height: 24px;\">BORREMANS Bernard \/ MESTRE Frederic<\/td>\n<td style=\"width: 9.5729%; height: 24px;\">42&rsquo;42<\/td>\n<td style=\"width: 14.2857%; height: 24px;\">5 V2<\/td>\n<\/tr>\n<tr style=\"height: 24px;\">\n<td style=\"width: 12.813%; height: 24px;\">32<\/td>\n<td style=\"width: 63.1811%; height: 24px;\">VRAY Valerie \/ HORLAIT Jean-Luc<\/td>\n<td style=\"width: 9.5729%; height: 24px;\">43&rsquo;55<\/td>\n<td style=\"width: 14.2857%; height: 24px;\">3 MX2<\/td>\n<\/tr>\n<tr style=\"height: 24px;\">\n<td style=\"width: 12.813%; height: 24px;\">41<\/td>\n<td style=\"width: 63.1811%; height: 24px;\">RENARD Isabelle \/ CHAUVAUX Anne<\/td>\n<td style=\"width: 9.5729%; height: 24px;\">45&rsquo;09<\/td>\n<td style=\"width: 14.2857%; height: 24px;\">1 A1<\/td>\n<\/tr>\n<tr style=\"height: 24px;\">\n<td style=\"width: 12.813%; height: 24px;\">45<\/td>\n<td style=\"width: 63.1811%; height: 24px;\">RIGON Quentin \/ MESTRE Romain<\/td>\n<td style=\"width: 9.5729%; height: 24px;\">45&rsquo;26<\/td>\n<td style=\"width: 14.2857%; height: 24px;\">3 JH<\/td>\n<\/tr>\n<tr style=\"height: 24px;\">\n<td style=\"width: 12.813%; height: 24px;\">83<\/td>\n<td style=\"width: 63.1811%; height: 24px;\">MACAIGNE Philippe \/ LIEGEOIS Pascal<\/td>\n<td style=\"width: 9.5729%; height: 24px;\">50&rsquo;52<\/td>\n<td style=\"width: 14.2857%; height: 24px;\">8 V3<\/td>\n<\/tr>\n<tr style=\"height: 24px;\">\n<td style=\"width: 12.813%; height: 24px;\">84<\/td>\n<td style=\"width: 63.1811%; height: 24px;\">BAUDSON Caroline \/ DESHAYES S\u00e9verine<\/td>\n<td style=\"width: 9.5729%; height: 24px;\">51&rsquo;01<\/td>\n<td style=\"width: 14.2857%; height: 24px;\">2 A1<\/td>\n<\/tr>\n<tr style=\"height: 24px;\">\n<td style=\"width: 12.813%; height: 24px;\">100<\/td>\n<td style=\"width: 63.1811%; height: 24px;\">ERAERTS Willy \/ De Wulf Luc<\/td>\n<td style=\"width: 9.5729%; height: 24px;\">53&Prime;09<\/td>\n<td style=\"width: 14.2857%; height: 24px;\">10 V3<\/td>\n<\/tr>\n<tr style=\"height: 24px;\">\n<td style=\"width: 12.813%; height: 24px;\">112<\/td>\n<td style=\"width: 63.1811%; height: 24px;\">JONCKHEER Nicole \/ BADY Pol<\/td>\n<td style=\"width: 9.5729%; height: 24px;\">54&rsquo;43<\/td>\n<td style=\"width: 14.2857%; height: 24px;\">3 MX3<\/td>\n<\/tr>\n<tr style=\"height: 24px;\">\n<td style=\"width: 12.813%; height: 24px;\">123<\/td>\n<td style=\"width: 63.1811%; height: 24px;\">MAMONE Francesco \/ LANCKRIET Alex<\/td>\n<td style=\"width: 9.5729%; height: 24px;\">56&rsquo;00<\/td>\n<td style=\"width: 14.2857%; height: 24px;\">14 V2<\/td>\n<\/tr>\n<tr style=\"height: 24px;\">\n<td style=\"width: 12.813%; height: 24px;\">125<\/td>\n<td style=\"width: 63.1811%; height: 24px;\">ABBENBROEK Annique \/ SBRO Salvatore<\/td>\n<td style=\"width: 9.5729%; height: 24px;\">56&rsquo;07<\/td>\n<td style=\"width: 14.2857%; height: 24px;\">25 MX2<\/td>\n<\/tr>\n<tr style=\"height: 24px;\">\n<td style=\"width: 12.813%; height: 24px;\">153<\/td>\n<td style=\"width: 63.1811%; height: 24px;\">DENIS Christian \/ THIRION Fanfan<\/td>\n<td style=\"width: 9.5729%; height: 24px;\">1h00&rsquo;14<\/td>\n<td style=\"width: 14.2857%; height: 24px;\">4 MX3<\/td>\n<\/tr>\n<tr style=\"height: 24px;\">\n<td style=\"width: 12.813%; height: 24px;\">158<\/td>\n<td style=\"width: 63.1811%; height: 24px;\">NOEL Christiane \/ VANDERVOORT Micheline<\/td>\n<td style=\"width: 9.5729%; height: 24px;\">1h01&rsquo;34<\/td>\n<td style=\"width: 14.2857%; height: 24px;\">3 A3<\/td>\n<\/tr>\n<tr style=\"height: 24px;\">\n<td style=\"width: 12.813%; height: 24px;\">160<\/td>\n<td style=\"width: 63.1811%; height: 24px;\">STALONVincent \/ BILLOT Pierre<\/td>\n<td style=\"width: 9.5729%; height: 24px;\">1h01&rsquo;58<\/td>\n<td style=\"width: 14.2857%; height: 24px;\">16 V2<\/td>\n<\/tr>\n<tr style=\"height: 24px;\">\n<td style=\"width: 12.813%; height: 24px;\">173<\/td>\n<td style=\"width: 63.1811%; height: 24px;\">MESTRE Eve \/ DIET Isabelle<\/td>\n<td style=\"width: 9.5729%; height: 24px;\">1h06&rsquo;17<\/td>\n<td style=\"width: 14.2857%; height: 24px;\">6 DA<\/td>\n<\/tr>\n<tr style=\"height: 24px;\">\n<td style=\"width: 12.813%; height: 24px;\">&nbsp;<\/td>\n<td style=\"width: 63.1811%; height: 24px;\">&nbsp;<\/td>\n<td style=\"width: 9.5729%; height: 24px;\">&nbsp;<\/td>\n<td style=\"width: 14.2857%; height: 24px;\">&nbsp;<\/td>\n<\/tr>\n<tr style=\"height: 24px;\">\n<td style=\"width: 75.9941%; height: 24px;\" colspan=\"2\"><strong><span style=\"text-decoration: underline;\">Classement du Jogging de la Ducasse \u00e0 Rance&nbsp; Le 20\/7\/19<\/span><\/strong><\/td>\n<td style=\"width: 9.5729%; height: 24px;\">&nbsp;<\/td>\n<td style=\"width: 14.2857%; height: 24px;\">&nbsp;<\/td>\n<\/tr>\n<tr style=\"height: 24px;\">\n<td style=\"width: 12.813%; height: 24px;\"><strong>8,2 Km<\/strong><\/td>\n<td style=\"width: 63.1811%; height: 24px;\">86 Class\u00e9s<\/td>\n<td style=\"width: 9.5729%; height: 24px;\">&nbsp;<\/td>\n<td style=\"width: 14.2857%; height: 24px;\">&nbsp;<\/td>\n<\/tr>\n<tr style=\"height: 24px;\">\n<td style=\"width: 12.813%; height: 24px;\">2<\/td>\n<td style=\"width: 63.1811%; height: 24px;\">BOURGEOIS S\u00e9bastien<\/td>\n<td style=\"width: 9.5729%; height: 24px;\">29&rsquo;54<\/td>\n<td style=\"width: 14.2857%; height: 24px;\">1 V1<\/td>\n<\/tr>\n<tr style=\"height: 24px;\">\n<td style=\"width: 12.813%; height: 24px;\">26<\/td>\n<td style=\"width: 63.1811%; height: 24px;\">BRUNEBARBE Jo\u00ebl<\/td>\n<td style=\"width: 9.5729%; height: 24px;\">36&rsquo;36<\/td>\n<td style=\"width: 14.2857%; height: 24px;\">8 V1<\/td>\n<\/tr>\n<tr style=\"height: 24px;\">\n<td style=\"width: 12.813%; height: 24px;\">33<\/td>\n<td style=\"width: 63.1811%; height: 24px;\">ES Christian<\/td>\n<td style=\"width: 9.5729%; height: 24px;\">38&rsquo;36<\/td>\n<td style=\"width: 14.2857%; height: 24px;\">4 V3<\/td>\n<\/tr>\n<tr style=\"height: 24px;\">\n<td style=\"width: 12.813%; height: 24px;\">40<\/td>\n<td style=\"width: 63.1811%; height: 24px;\">HAMOIR Karen<\/td>\n<td style=\"width: 9.5729%; height: 24px;\">39&rsquo;43<\/td>\n<td style=\"width: 14.2857%; height: 24px;\">2 A1<\/td>\n<\/tr>\n<tr style=\"height: 24px;\">\n<td style=\"width: 12.813%; height: 24px;\">48<\/td>\n<td style=\"width: 63.1811%; height: 24px;\">BRICE Virginie<\/td>\n<td style=\"width: 9.5729%; height: 24px;\">41&rsquo;19<\/td>\n<td style=\"width: 14.2857%; height: 24px;\">3 A1<\/td>\n<\/tr>\n<tr style=\"height: 24px;\">\n<td style=\"width: 12.813%; height: 24px;\"><strong>4,25 Km<\/strong><\/td>\n<td style=\"width: 63.1811%; height: 24px;\">&nbsp;<\/td>\n<td style=\"width: 9.5729%; height: 24px;\">&nbsp;<\/td>\n<td style=\"width: 14.2857%; height: 24px;\">&nbsp;<\/td>\n<\/tr>\n<tr style=\"height: 24px;\">\n<td style=\"width: 12.813%; height: 24px;\">4<\/td>\n<td style=\"width: 63.1811%; height: 24px;\">BOURGEOIS Oscar<\/td>\n<td style=\"width: 9.5729%; height: 24px;\">16&rsquo;13<\/td>\n<td style=\"width: 14.2857%; height: 24px;\">&nbsp;<\/td>\n<\/tr>\n<\/tbody>\n<\/table>\n","protected":false},"excerpt":{"rendered":"<p>&nbsp; &nbsp; Voici les derniers r\u00e9sultats de nos membres r\u00e9colt\u00e9s par Luc.&nbsp;<\/p>\n","protected":false},"author":5,"featured_media":0,"comment_status":"closed","ping_status":"closed","sticky":false,"template":"","format":"standard","meta":{"footnotes":""},"categories":[2,3,1],"tags":[],"class_list":["post-1331","post","type-post","status-publish","format-standard","hentry","category-news","category-resultats","category-non-classe"],"_links":{"self":[{"href":"https:\/\/esmclub.be\/site\/wp-json\/wp\/v2\/posts\/1331","targetHints":{"allow":["GET"]}}],"collection":[{"href":"https:\/\/esmclub.be\/site\/wp-json\/wp\/v2\/posts"}],"about":[{"href":"https:\/\/esmclub.be\/site\/wp-json\/wp\/v2\/types\/post"}],"author":[{"embeddable":true,"href":"https:\/\/esmclub.be\/site\/wp-json\/wp\/v2\/users\/5"}],"replies":[{"embeddable":true,"href":"https:\/\/esmclub.be\/site\/wp-json\/wp\/v2\/comments?post=1331"}],"version-history":[{"count":2,"href":"https:\/\/esmclub.be\/site\/wp-json\/wp\/v2\/posts\/1331\/revisions"}],"predecessor-version":[{"id":1334,"href":"https:\/\/esmclub.be\/site\/wp-json\/wp\/v2\/posts\/1331\/revisions\/1334"}],"wp:attachment":[{"href":"https:\/\/esmclub.be\/site\/wp-json\/wp\/v2\/media?parent=1331"}],"wp:term":[{"taxonomy":"category","embeddable":true,"href":"https:\/\/esmclub.be\/site\/wp-json\/wp\/v2\/categories?post=1331"},{"taxonomy":"post_tag","embeddable":true,"href":"https:\/\/esmclub.be\/site\/wp-json\/wp\/v2\/tags?post=1331"}],"curies":[{"name":"wp","href":"https:\/\/api.w.org\/{rel}","templated":true}]}}