{"id":1338,"date":"2019-07-31T15:52:48","date_gmt":"2019-07-31T13:52:48","guid":{"rendered":"https:\/\/esmclub.be\/site\/?p=1338"},"modified":"2019-07-31T15:52:48","modified_gmt":"2019-07-31T13:52:48","slug":"resultats-du-we-27-28-juillet","status":"publish","type":"post","link":"https:\/\/esmclub.be\/site\/resultats-du-we-27-28-juillet\/","title":{"rendered":"R\u00e9sultats du WE 27 &#8211; 28 juillet"},"content":{"rendered":"<p><img loading=\"lazy\" decoding=\"async\" class=\"size-medium wp-image-1335 alignleft\" src=\"https:\/\/esmclub.be\/wp-content\/uploads\/2019\/07\/b\u00e9ren-et-\u00e9milie-300x273.jpg\" alt=\"\" width=\"300\" height=\"273\" srcset=\"https:\/\/esmclub.be\/wp-content\/uploads\/2019\/07\/b\u00e9ren-et-\u00e9milie-300x273.jpg 300w, https:\/\/esmclub.be\/wp-content\/uploads\/2019\/07\/b\u00e9ren-et-\u00e9milie-768x699.jpg 768w, https:\/\/esmclub.be\/wp-content\/uploads\/2019\/07\/b\u00e9ren-et-\u00e9milie.jpg 960w\" sizes=\"auto, (max-width: 300px) 100vw, 300px\" \/><\/p>\n<p>&nbsp;<\/p>\n<p>Voici les r\u00e9sultats de nos membres en Belgique mais aussi en Suisse et en France o\u00f9 notre duo de choc Emilie et B\u00e9reng\u00e8re s&rsquo;est illustr\u00e9 en grimpant sur la 1\u00e8re marche du podium&nbsp;<\/p>\n<p><!--more--><\/p>\n<p><img loading=\"lazy\" decoding=\"async\" class=\"alignnone size-medium wp-image-1336\" src=\"https:\/\/esmclub.be\/wp-content\/uploads\/2019\/07\/christ-et-brigit-169x300.jpg\" alt=\"\" width=\"169\" height=\"300\" srcset=\"https:\/\/esmclub.be\/wp-content\/uploads\/2019\/07\/christ-et-brigit-169x300.jpg 169w, https:\/\/esmclub.be\/wp-content\/uploads\/2019\/07\/christ-et-brigit.jpg 270w\" sizes=\"auto, (max-width: 169px) 100vw, 169px\" \/> <img loading=\"lazy\" decoding=\"async\" class=\"alignnone size-medium wp-image-1337\" src=\"https:\/\/esmclub.be\/wp-content\/uploads\/2019\/07\/nous-225x300.jpg\" alt=\"\" width=\"225\" height=\"300\" srcset=\"https:\/\/esmclub.be\/wp-content\/uploads\/2019\/07\/nous-225x300.jpg 225w, https:\/\/esmclub.be\/wp-content\/uploads\/2019\/07\/nous.jpg 720w\" sizes=\"auto, (max-width: 225px) 100vw, 225px\" \/><\/p>\n<table style=\"border-collapse: collapse; width: 99.8527%; height: 1152px;\" border=\"1\">\n<tbody>\n<tr style=\"height: 24px;\">\n<td style=\"width: 71.2813%; height: 24px;\" colspan=\"2\" width=\"442\"><span style=\"text-decoration: underline;\"><strong>Classement du Jogging de la Jeunesse \u00e0 Vergnies Le 26\/7\/19<\/strong><\/span><\/td>\n<td style=\"width: 14.2857%; height: 24px;\" width=\"97\">&nbsp;<\/td>\n<td style=\"width: 14.2857%; height: 24px;\" width=\"97\">&nbsp;<\/td>\n<\/tr>\n<tr style=\"height: 24px;\">\n<td style=\"width: 21.0604%; height: 24px;\"><strong>10,19 Km<\/strong><\/td>\n<td style=\"width: 50.2209%; height: 24px;\">35 Class\u00e9s<\/td>\n<td style=\"width: 14.2857%; height: 24px;\">&nbsp;<\/td>\n<td style=\"width: 14.2857%; height: 24px;\">&nbsp;<\/td>\n<\/tr>\n<tr style=\"height: 24px;\">\n<td style=\"width: 21.0604%; height: 24px;\">14<\/td>\n<td style=\"width: 50.2209%; height: 24px;\">ES Christian<\/td>\n<td style=\"width: 14.2857%; height: 24px;\">49&rsquo;15<\/td>\n<td style=\"width: 14.2857%; height: 24px;\">14 H<\/td>\n<\/tr>\n<tr style=\"height: 24px;\">\n<td style=\"width: 21.0604%; height: 24px;\">16<\/td>\n<td style=\"width: 50.2209%; height: 24px;\">GALLUCCIO Antonio<\/td>\n<td style=\"width: 14.2857%; height: 24px;\">50&rsquo;58<\/td>\n<td style=\"width: 14.2857%; height: 24px;\">16 H<\/td>\n<\/tr>\n<tr style=\"height: 24px;\">\n<td style=\"width: 21.0604%; height: 24px;\">34<\/td>\n<td style=\"width: 50.2209%; height: 24px;\">BILLOT Pierre<\/td>\n<td style=\"width: 14.2857%; height: 24px;\">1h10&rsquo;37<\/td>\n<td style=\"width: 14.2857%; height: 24px;\">34 H<\/td>\n<\/tr>\n<tr style=\"height: 24px;\">\n<td style=\"width: 71.2813%; height: 24px;\" colspan=\"2\">&nbsp;<\/p>\n<p><strong><span style=\"text-decoration: underline;\">Classement de l&rsquo;Ardennaise \u00e0 Louette Saint Pierre Le 27\/7\/19<\/span><\/strong><\/td>\n<td style=\"width: 14.2857%; height: 24px;\">&nbsp;<\/td>\n<td style=\"width: 14.2857%; height: 24px;\">&nbsp;<\/td>\n<\/tr>\n<tr style=\"height: 24px;\">\n<td style=\"width: 21.0604%; height: 24px;\"><strong>21,2 Km<\/strong><\/td>\n<td style=\"width: 50.2209%; height: 24px;\">521 Class\u00e9s<\/td>\n<td style=\"width: 14.2857%; height: 24px;\">&nbsp;<\/td>\n<td style=\"width: 14.2857%; height: 24px;\">&nbsp;<\/td>\n<\/tr>\n<tr style=\"height: 24px;\">\n<td style=\"width: 21.0604%; height: 24px;\">134<\/td>\n<td style=\"width: 50.2209%; height: 24px;\">ANTENUCCI Mauro<\/td>\n<td style=\"width: 14.2857%; height: 24px;\">1h47&rsquo;55<\/td>\n<td style=\"width: 14.2857%; height: 24px;\">6 V3<\/td>\n<\/tr>\n<tr style=\"height: 24px;\">\n<td style=\"width: 21.0604%; height: 24px;\">135<\/td>\n<td style=\"width: 50.2209%; height: 24px;\">BILON Eusebe<\/td>\n<td style=\"width: 14.2857%; height: 24px;\">1h48&rsquo;03<\/td>\n<td style=\"width: 14.2857%; height: 24px;\">7 V3<\/td>\n<\/tr>\n<tr style=\"height: 24px;\">\n<td style=\"width: 21.0604%; height: 24px;\">162<\/td>\n<td style=\"width: 50.2209%; height: 24px;\">MESTRE Fr\u00e9d\u00e9ric<\/td>\n<td style=\"width: 14.2857%; height: 24px;\">1h51&rsquo;15<\/td>\n<td style=\"width: 14.2857%; height: 24px;\">37 V1<\/td>\n<\/tr>\n<tr style=\"height: 24px;\">\n<td style=\"width: 21.0604%; height: 24px;\">238<\/td>\n<td style=\"width: 50.2209%; height: 24px;\">DE WOOT Antoinette<\/td>\n<td style=\"width: 14.2857%; height: 24px;\">1h59&rsquo;31<\/td>\n<td style=\"width: 14.2857%; height: 24px;\">5 A2<\/td>\n<\/tr>\n<tr style=\"height: 24px;\">\n<td style=\"width: 21.0604%; height: 24px;\">384<\/td>\n<td style=\"width: 50.2209%; height: 24px;\">LANCKRIET Alex<\/td>\n<td style=\"width: 14.2857%; height: 24px;\">2h16&rsquo;43<\/td>\n<td style=\"width: 14.2857%; height: 24px;\">88 V2<\/td>\n<\/tr>\n<tr style=\"height: 24px;\">\n<td style=\"width: 71.2813%; height: 24px;\" colspan=\"2\">&nbsp;<\/p>\n<p><strong><span style=\"text-decoration: underline;\">Classement du trail du V\u00e9lan \u00e0 Bourg-St-Pierre Le 27\/7\/19<\/span><\/strong><\/td>\n<td style=\"width: 14.2857%; height: 24px;\">&nbsp;<\/td>\n<td style=\"width: 14.2857%; height: 24px;\">&nbsp;<\/td>\n<\/tr>\n<tr style=\"height: 24px;\">\n<td style=\"width: 21.0604%; height: 24px;\"><strong>15 km (900m+)<\/strong><\/td>\n<td style=\"width: 50.2209%; height: 24px;\">87 class\u00e9s<\/td>\n<td style=\"width: 14.2857%; height: 24px;\">&nbsp;<\/td>\n<td style=\"width: 14.2857%; height: 24px;\">&nbsp;<\/td>\n<\/tr>\n<tr style=\"height: 24px;\">\n<td style=\"width: 21.0604%; height: 24px;\">45<\/td>\n<td style=\"width: 50.2209%; height: 24px;\">WINS Florence<\/td>\n<td style=\"width: 14.2857%; height: 24px;\">2h26&rsquo;18<\/td>\n<td style=\"width: 14.2857%; height: 24px;\">5 1D<\/td>\n<\/tr>\n<tr style=\"height: 24px;\">\n<td style=\"width: 21.0604%; height: 24px;\"><strong>21 km (2000m+)<\/strong><\/td>\n<td style=\"width: 50.2209%; height: 24px;\">122 class\u00e9s<\/td>\n<td style=\"width: 14.2857%; height: 24px;\">&nbsp;<\/td>\n<td style=\"width: 14.2857%; height: 24px;\">&nbsp;<\/td>\n<\/tr>\n<tr style=\"height: 24px;\">\n<td style=\"width: 21.0604%; height: 24px;\">99<\/td>\n<td style=\"width: 50.2209%; height: 24px;\">CAPOUILLEZ Benoit<\/td>\n<td style=\"width: 14.2857%; height: 24px;\">5h48&rsquo;43<\/td>\n<td style=\"width: 14.2857%; height: 24px;\">17 VE1H<\/td>\n<\/tr>\n<tr style=\"height: 24px;\">\n<td style=\"width: 85.567%; height: 24px;\" colspan=\"3\">&nbsp;<\/p>\n<p><strong><span style=\"text-decoration: underline;\">Classement de la Course des G\u00e9ants 6000D \u00e0 La Plagne Le 28\/7\/19<\/span><\/strong><\/td>\n<td style=\"width: 14.2857%; height: 24px;\">&nbsp;<\/td>\n<\/tr>\n<tr style=\"height: 24px;\">\n<td style=\"width: 21.0604%; height: 24px;\"><strong>65 Km (3500m+)<\/strong><\/td>\n<td style=\"width: 50.2209%; height: 24px;\">1410 Class\u00e9s<\/td>\n<td style=\"width: 14.2857%; height: 24px;\">&nbsp;<\/td>\n<td style=\"width: 14.2857%; height: 24px;\">&nbsp;<\/td>\n<\/tr>\n<tr style=\"height: 24px;\">\n<td style=\"width: 21.0604%; height: 24px;\">987<\/td>\n<td style=\"width: 50.2209%; height: 24px;\">MUSIN Damien<\/td>\n<td style=\"width: 14.2857%; height: 24px;\">11h52&rsquo;42<\/td>\n<td style=\"width: 14.2857%; height: 24px;\">487 SE<\/td>\n<\/tr>\n<tr style=\"height: 24px;\">\n<td style=\"width: 21.0604%; height: 24px;\"><strong>65 Km relais<\/strong><\/td>\n<td style=\"width: 50.2209%; height: 24px;\">68 Equipes Class\u00e9es<\/td>\n<td style=\"width: 14.2857%; height: 24px;\">&nbsp;<\/td>\n<td style=\"width: 14.2857%; height: 24px;\">&nbsp;<\/td>\n<\/tr>\n<tr style=\"height: 24px;\">\n<td style=\"width: 21.0604%; height: 24px;\">13<\/td>\n<td style=\"width: 50.2209%; height: 24px;\">MALEVE B\u00e9reng\u00e8re \/ LORIAUX Emilie<\/td>\n<td style=\"width: 14.2857%; height: 24px;\">7h33&rsquo;18<\/td>\n<td style=\"width: 14.2857%; height: 24px;\">1 F<\/td>\n<\/tr>\n<tr style=\"height: 24px;\">\n<td style=\"width: 21.0604%; height: 24px;\"><strong>27 Km (1600m+)<\/strong><\/td>\n<td style=\"width: 50.2209%; height: 24px;\">848 Class\u00e9s<\/td>\n<td style=\"width: 14.2857%; height: 24px;\">&nbsp;<\/td>\n<td style=\"width: 14.2857%; height: 24px;\">&nbsp;<\/td>\n<\/tr>\n<tr style=\"height: 24px;\">\n<td style=\"width: 21.0604%; height: 24px;\">81<\/td>\n<td style=\"width: 50.2209%; height: 24px;\">MORTIER Pierre<\/td>\n<td style=\"width: 14.2857%; height: 24px;\">3h21&rsquo;53<\/td>\n<td style=\"width: 14.2857%; height: 24px;\">5 V2<\/td>\n<\/tr>\n<tr style=\"height: 24px;\">\n<td style=\"width: 21.0604%; height: 24px;\">115<\/td>\n<td style=\"width: 50.2209%; height: 24px;\">CATOIR Bertrand<\/td>\n<td style=\"width: 14.2857%; height: 24px;\">3h31&rsquo;20<\/td>\n<td style=\"width: 14.2857%; height: 24px;\">32 V1<\/td>\n<\/tr>\n<tr style=\"height: 24px;\">\n<td style=\"width: 21.0604%; height: 24px;\">643<\/td>\n<td style=\"width: 50.2209%; height: 24px;\">LIEVYNS Christine<\/td>\n<td style=\"width: 14.2857%; height: 24px;\">4h56&rsquo;57<\/td>\n<td style=\"width: 14.2857%; height: 24px;\">14 A2<\/td>\n<\/tr>\n<tr style=\"height: 24px;\">\n<td style=\"width: 21.0604%; height: 24px;\">644<\/td>\n<td style=\"width: 50.2209%; height: 24px;\">VANDEVELDE Brigitte<\/td>\n<td style=\"width: 14.2857%; height: 24px;\">4h56&rsquo;57<\/td>\n<td style=\"width: 14.2857%; height: 24px;\">15 A2<\/td>\n<\/tr>\n<tr style=\"height: 24px;\">\n<td style=\"width: 21.0604%; height: 24px;\">645<\/td>\n<td style=\"width: 50.2209%; height: 24px;\">MERCIER Michel<\/td>\n<td style=\"width: 14.2857%; height: 24px;\">4h57&rsquo;08<\/td>\n<td style=\"width: 14.2857%; height: 24px;\">62 V2<\/td>\n<\/tr>\n<tr style=\"height: 24px;\">\n<td style=\"width: 71.2813%; height: 24px;\" colspan=\"2\">&nbsp;<\/p>\n<p><strong><span style=\"text-decoration: underline;\">Classement du GP Oscar Blairon \u00e0 Estinnes au Val&nbsp; Le 28\/7\/19<\/span><\/strong><\/td>\n<td style=\"width: 14.2857%; height: 24px;\">&nbsp;<\/td>\n<td style=\"width: 14.2857%; height: 24px;\">&nbsp;<\/td>\n<\/tr>\n<tr style=\"height: 24px;\">\n<td style=\"width: 21.0604%; height: 24px;\"><strong>11 Km<\/strong><\/td>\n<td style=\"width: 50.2209%; height: 24px;\">199 Class\u00e9s<\/td>\n<td style=\"width: 14.2857%; height: 24px;\">&nbsp;<\/td>\n<td style=\"width: 14.2857%; height: 24px;\">&nbsp;<\/td>\n<\/tr>\n<tr style=\"height: 24px;\">\n<td style=\"width: 21.0604%; height: 24px;\">98<\/td>\n<td style=\"width: 50.2209%; height: 24px;\">DE WULF Luc<\/td>\n<td style=\"width: 14.2857%; height: 24px;\">55&rsquo;49<\/td>\n<td style=\"width: 14.2857%; height: 24px;\">11 V3<\/td>\n<\/tr>\n<tr style=\"height: 24px;\">\n<td style=\"width: 21.0604%; height: 24px;\">104<\/td>\n<td style=\"width: 50.2209%; height: 24px;\">BAYEUL Gregory<\/td>\n<td style=\"width: 14.2857%; height: 24px;\">56&rsquo;04<\/td>\n<td style=\"width: 14.2857%; height: 24px;\">23 V1<\/td>\n<\/tr>\n<tr style=\"height: 24px;\">\n<td style=\"width: 21.0604%; height: 24px;\">113<\/td>\n<td style=\"width: 50.2209%; height: 24px;\">DENIS Christian<\/td>\n<td style=\"width: 14.2857%; height: 24px;\">58&rsquo;22<\/td>\n<td style=\"width: 14.2857%; height: 24px;\">8 V4<\/td>\n<\/tr>\n<tr style=\"height: 24px;\">\n<td style=\"width: 21.0604%; height: 24px;\">120<\/td>\n<td style=\"width: 50.2209%; height: 24px;\">SBRO Salvatore<\/td>\n<td style=\"width: 14.2857%; height: 24px;\">58&rsquo;39<\/td>\n<td style=\"width: 14.2857%; height: 24px;\">9 V4<\/td>\n<\/tr>\n<tr style=\"height: 24px;\">\n<td style=\"width: 21.0604%; height: 24px;\">158<\/td>\n<td style=\"width: 50.2209%; height: 24px;\">LANCKRIET Alex<\/td>\n<td style=\"width: 14.2857%; height: 24px;\">1h04&rsquo;23<\/td>\n<td style=\"width: 14.2857%; height: 24px;\">33 V2<\/td>\n<\/tr>\n<tr style=\"height: 24px;\">\n<td style=\"width: 21.0604%; height: 24px;\">175<\/td>\n<td style=\"width: 50.2209%; height: 24px;\">THIRION Fanfan<\/td>\n<td style=\"width: 14.2857%; height: 24px;\">1h07&rsquo;29<\/td>\n<td style=\"width: 14.2857%; height: 24px;\">3 A4<\/td>\n<\/tr>\n<tr style=\"height: 24px;\">\n<td style=\"width: 21.0604%; height: 24px;\"><strong>5,64 Km<\/strong><\/td>\n<td style=\"width: 50.2209%; height: 24px;\">225 Class\u00e9s<\/td>\n<td style=\"width: 14.2857%; height: 24px;\">&nbsp;<\/td>\n<td style=\"width: 14.2857%; height: 24px;\">&nbsp;<\/td>\n<\/tr>\n<tr style=\"height: 24px;\">\n<td style=\"width: 21.0604%; height: 24px;\">33<\/td>\n<td style=\"width: 50.2209%; height: 24px;\">GALLUCCIO Antonio<\/td>\n<td style=\"width: 14.2857%; height: 24px;\">24&rsquo;18<\/td>\n<td style=\"width: 14.2857%; height: 24px;\">1 V3<\/td>\n<\/tr>\n<tr style=\"height: 24px;\">\n<td style=\"width: 21.0604%; height: 24px;\">54<\/td>\n<td style=\"width: 50.2209%; height: 24px;\">LIEGEOIS Pascal<\/td>\n<td style=\"width: 14.2857%; height: 24px;\">27&rsquo;00<\/td>\n<td style=\"width: 14.2857%; height: 24px;\">3 V3<\/td>\n<\/tr>\n<tr style=\"height: 24px;\">\n<td style=\"width: 21.0604%; height: 24px;\">59<\/td>\n<td style=\"width: 50.2209%; height: 24px;\">BAUDSON Caroline<\/td>\n<td style=\"width: 14.2857%; height: 24px;\">27&rsquo;15<\/td>\n<td style=\"width: 14.2857%; height: 24px;\">3 A1<\/td>\n<\/tr>\n<tr style=\"height: 24px;\">\n<td style=\"width: 21.0604%; height: 24px;\">93<\/td>\n<td style=\"width: 50.2209%; height: 24px;\">LIEGEOIS St\u00e9phane<\/td>\n<td style=\"width: 14.2857%; height: 24px;\">29&rsquo;55<\/td>\n<td style=\"width: 14.2857%; height: 24px;\">7 V3<\/td>\n<\/tr>\n<tr style=\"height: 24px;\">\n<td style=\"width: 21.0604%; height: 24px;\">119<\/td>\n<td style=\"width: 50.2209%; height: 24px;\">BAYEUL Emy<\/td>\n<td style=\"width: 14.2857%; height: 24px;\">31&rsquo;56<\/td>\n<td style=\"width: 14.2857%; height: 24px;\">4 JD<\/td>\n<\/tr>\n<tr style=\"height: 24px;\">\n<td style=\"width: 21.0604%; height: 24px;\">138<\/td>\n<td style=\"width: 50.2209%; height: 24px;\">DIET Isabelle<\/td>\n<td style=\"width: 14.2857%; height: 24px;\">34&rsquo;40<\/td>\n<td style=\"width: 14.2857%; height: 24px;\">13 A1<\/td>\n<\/tr>\n<tr style=\"height: 24px;\">\n<td style=\"width: 21.0604%; height: 24px;\">149<\/td>\n<td style=\"width: 50.2209%; height: 24px;\">NOEL Christiane<\/td>\n<td style=\"width: 14.2857%; height: 24px;\">36&rsquo;34<\/td>\n<td style=\"width: 14.2857%; height: 24px;\">3 A5<\/td>\n<\/tr>\n<tr style=\"height: 24px;\">\n<td style=\"width: 21.0604%; height: 24px;\">197<\/td>\n<td style=\"width: 50.2209%; height: 24px;\">RIGON David<\/td>\n<td style=\"width: 14.2857%; height: 24px;\">46&rsquo;09<\/td>\n<td style=\"width: 14.2857%; height: 24px;\">19 V1<\/td>\n<\/tr>\n<tr style=\"height: 24px;\">\n<td style=\"width: 21.0604%; height: 24px;\">212<\/td>\n<td style=\"width: 50.2209%; height: 24px;\">COUTELLIER Marie-Louise<\/td>\n<td style=\"width: 14.2857%; height: 24px;\">57&rsquo;34<\/td>\n<td style=\"width: 14.2857%; height: 24px;\">8 A5<\/td>\n<\/tr>\n<tr style=\"height: 24px;\">\n<td style=\"width: 21.0604%; height: 24px;\">213<\/td>\n<td style=\"width: 50.2209%; height: 24px;\">VLAMINCK Andr\u00e9<\/td>\n<td style=\"width: 14.2857%; height: 24px;\">57&rsquo;34<\/td>\n<td style=\"width: 14.2857%; height: 24px;\">13 V4<\/td>\n<\/tr>\n<tr style=\"height: 24px;\">\n<td style=\"width: 21.0604%; height: 24px;\">221<\/td>\n<td style=\"width: 50.2209%; height: 24px;\">BRUART Carine<\/td>\n<td style=\"width: 14.2857%; height: 24px;\">1h04&rsquo;21<\/td>\n<td style=\"width: 14.2857%; height: 24px;\">23 A2<\/td>\n<\/tr>\n<\/tbody>\n<\/table>\n","protected":false},"excerpt":{"rendered":"<p>&nbsp; Voici les r\u00e9sultats de nos membres en Belgique mais aussi en Suisse et en France o\u00f9 notre duo de choc Emilie et B\u00e9reng\u00e8re s&rsquo;est illustr\u00e9 en grimpant sur la 1\u00e8re marche du podium&nbsp;<\/p>\n","protected":false},"author":5,"featured_media":0,"comment_status":"closed","ping_status":"closed","sticky":false,"template":"","format":"standard","meta":{"footnotes":""},"categories":[2,3],"tags":[],"class_list":["post-1338","post","type-post","status-publish","format-standard","hentry","category-news","category-resultats"],"_links":{"self":[{"href":"https:\/\/esmclub.be\/site\/wp-json\/wp\/v2\/posts\/1338","targetHints":{"allow":["GET"]}}],"collection":[{"href":"https:\/\/esmclub.be\/site\/wp-json\/wp\/v2\/posts"}],"about":[{"href":"https:\/\/esmclub.be\/site\/wp-json\/wp\/v2\/types\/post"}],"author":[{"embeddable":true,"href":"https:\/\/esmclub.be\/site\/wp-json\/wp\/v2\/users\/5"}],"replies":[{"embeddable":true,"href":"https:\/\/esmclub.be\/site\/wp-json\/wp\/v2\/comments?post=1338"}],"version-history":[{"count":1,"href":"https:\/\/esmclub.be\/site\/wp-json\/wp\/v2\/posts\/1338\/revisions"}],"predecessor-version":[{"id":1339,"href":"https:\/\/esmclub.be\/site\/wp-json\/wp\/v2\/posts\/1338\/revisions\/1339"}],"wp:attachment":[{"href":"https:\/\/esmclub.be\/site\/wp-json\/wp\/v2\/media?parent=1338"}],"wp:term":[{"taxonomy":"category","embeddable":true,"href":"https:\/\/esmclub.be\/site\/wp-json\/wp\/v2\/categories?post=1338"},{"taxonomy":"post_tag","embeddable":true,"href":"https:\/\/esmclub.be\/site\/wp-json\/wp\/v2\/tags?post=1338"}],"curies":[{"name":"wp","href":"https:\/\/api.w.org\/{rel}","templated":true}]}}