{"id":1500,"date":"2019-09-04T06:49:49","date_gmt":"2019-09-04T04:49:49","guid":{"rendered":"https:\/\/esmclub.be\/site\/?p=1500"},"modified":"2019-09-04T06:51:13","modified_gmt":"2019-09-04T04:51:13","slug":"resultat-we-24-et-25-aout","status":"publish","type":"post","link":"https:\/\/esmclub.be\/site\/resultat-we-24-et-25-aout\/","title":{"rendered":"r\u00e9sultat WE 24 et 25 ao\u00fbt"},"content":{"rendered":"<p>&nbsp;<\/p>\n<p><img loading=\"lazy\" decoding=\"async\" class=\"size-medium wp-image-1499 alignleft\" src=\"https:\/\/esmclub.be\/wp-content\/uploads\/2019\/09\/fanfan-300x200.jpg\" alt=\"\" width=\"300\" height=\"200\" srcset=\"https:\/\/esmclub.be\/wp-content\/uploads\/2019\/09\/fanfan-300x200.jpg 300w, https:\/\/esmclub.be\/wp-content\/uploads\/2019\/09\/fanfan-768x512.jpg 768w, https:\/\/esmclub.be\/wp-content\/uploads\/2019\/09\/fanfan-1024x683.jpg 1024w, https:\/\/esmclub.be\/wp-content\/uploads\/2019\/09\/fanfan.jpg 1944w\" sizes=\"auto, (max-width: 300px) 100vw, 300px\" \/>Encore de beaux r\u00e9sultats engendr\u00e9s ce WE, notamment au jogging des Poires \u00e0 Pesches o\u00f9 Karen et Fanfan s&rsquo;adjugent la 1\u00e8re place de leur cat\u00e9gorie et au trail de l&rsquo;eau blanche o\u00f9 B\u00e9reng\u00e8re prend \u00e9galement la 1\u00e8re place.&nbsp;<!--more--><\/p>\n<p><img loading=\"lazy\" decoding=\"async\" class=\"alignnone size-medium wp-image-1502\" src=\"https:\/\/esmclub.be\/wp-content\/uploads\/2019\/09\/B\u00e9reng\u00e8re-300x157.jpg\" alt=\"\" width=\"300\" height=\"157\" srcset=\"https:\/\/esmclub.be\/wp-content\/uploads\/2019\/09\/B\u00e9reng\u00e8re-300x157.jpg 300w, https:\/\/esmclub.be\/wp-content\/uploads\/2019\/09\/B\u00e9reng\u00e8re-768x402.jpg 768w, https:\/\/esmclub.be\/wp-content\/uploads\/2019\/09\/B\u00e9reng\u00e8re-1024x536.jpg 1024w, https:\/\/esmclub.be\/wp-content\/uploads\/2019\/09\/B\u00e9reng\u00e8re.jpg 1330w\" sizes=\"auto, (max-width: 300px) 100vw, 300px\" \/> <img loading=\"lazy\" decoding=\"async\" class=\"alignnone size-medium wp-image-1498\" src=\"https:\/\/esmclub.be\/wp-content\/uploads\/2019\/09\/karen--300x286.jpg\" alt=\"\" width=\"300\" height=\"286\" srcset=\"https:\/\/esmclub.be\/wp-content\/uploads\/2019\/09\/karen--300x286.jpg 300w, https:\/\/esmclub.be\/wp-content\/uploads\/2019\/09\/karen--768x731.jpg 768w, https:\/\/esmclub.be\/wp-content\/uploads\/2019\/09\/karen-.jpg 960w\" sizes=\"auto, (max-width: 300px) 100vw, 300px\" \/><\/p>\n<table style=\"border-collapse: collapse; width: 99.8527%; height: 648px;\" border=\"1\">\n<tbody>\n<tr style=\"height: 24px;\">\n<td style=\"width: 72.1649%; height: 24px;\" colspan=\"2\" width=\"457\"><span style=\"text-decoration: underline;\"><strong>Trail de l&rsquo;Eau Blanche \u00e0 Lompret Le 24\/8\/19<\/strong><\/span><\/td>\n<td style=\"width: 14.2857%; height: 24px;\" width=\"97\">&nbsp;<\/td>\n<td style=\"width: 13.4021%; height: 24px;\" width=\"90\">&nbsp;<\/td>\n<\/tr>\n<tr style=\"height: 24px;\">\n<td style=\"width: 12.813%; height: 24px;\"><strong>11 Km<\/strong><\/td>\n<td style=\"width: 59.352%; height: 24px;\">186 Class\u00e9s<\/td>\n<td style=\"width: 14.2857%; height: 24px;\">&nbsp;<\/td>\n<td style=\"width: 13.4021%; height: 24px;\">&nbsp;<\/td>\n<\/tr>\n<tr style=\"height: 24px;\">\n<td style=\"width: 12.813%; height: 24px;\">14<\/td>\n<td style=\"width: 59.352%; height: 24px;\">BRUNEBARBE Jo\u00ebl<\/td>\n<td style=\"width: 14.2857%; height: 24px;\">1h07&rsquo;11<\/td>\n<td style=\"width: 13.4021%; height: 24px;\">4 V1<\/td>\n<\/tr>\n<tr style=\"height: 24px;\">\n<td style=\"width: 12.813%; height: 24px;\">137<\/td>\n<td style=\"width: 59.352%; height: 24px;\">SEL Fabienne<\/td>\n<td style=\"width: 14.2857%; height: 24px;\">1h47&rsquo;04<\/td>\n<td style=\"width: 13.4021%; height: 24px;\">11 A2<\/td>\n<\/tr>\n<tr style=\"height: 24px;\">\n<td style=\"width: 12.813%; height: 24px;\"><strong>20 Km<\/strong><\/td>\n<td style=\"width: 59.352%; height: 24px;\">322 Class\u00e9s<\/td>\n<td style=\"width: 14.2857%; height: 24px;\">&nbsp;<\/td>\n<td style=\"width: 13.4021%; height: 24px;\">&nbsp;<\/td>\n<\/tr>\n<tr style=\"height: 24px;\">\n<td style=\"width: 12.813%; height: 24px;\">6<\/td>\n<td style=\"width: 59.352%; height: 24px;\">COPPIN Steve<\/td>\n<td style=\"width: 14.2857%; height: 24px;\">1h54&rsquo;53<\/td>\n<td style=\"width: 13.4021%; height: 24px;\">5 SE<\/td>\n<\/tr>\n<tr style=\"height: 24px;\">\n<td style=\"width: 12.813%; height: 24px;\">19<\/td>\n<td style=\"width: 59.352%; height: 24px;\">MALEVE B\u00e9reng\u00e8re<\/td>\n<td style=\"width: 14.2857%; height: 24px;\">2h06&rsquo;45<\/td>\n<td style=\"width: 13.4021%; height: 24px;\">1 A1<\/td>\n<\/tr>\n<tr style=\"height: 24px;\">\n<td style=\"width: 12.813%; height: 24px;\">178<\/td>\n<td style=\"width: 59.352%; height: 24px;\">LEONI Muriel<\/td>\n<td style=\"width: 14.2857%; height: 24px;\">2h59&rsquo;05<\/td>\n<td style=\"width: 13.4021%; height: 24px;\">11 A1<\/td>\n<\/tr>\n<tr style=\"height: 24px;\">\n<td style=\"width: 12.813%; height: 24px;\">33 Km<\/td>\n<td style=\"width: 59.352%; height: 24px;\">133 Class\u00e9s<\/td>\n<td style=\"width: 14.2857%; height: 24px;\">&nbsp;<\/td>\n<td style=\"width: 13.4021%; height: 24px;\">&nbsp;<\/td>\n<\/tr>\n<tr style=\"height: 24px;\">\n<td style=\"width: 12.813%; height: 24px;\">93<\/td>\n<td style=\"width: 59.352%; height: 24px;\">SEGHIN Vincent<\/td>\n<td style=\"width: 14.2857%; height: 24px;\">4h04&rsquo;11<\/td>\n<td style=\"width: 13.4021%; height: 24px;\">9 V2<\/td>\n<\/tr>\n<tr style=\"height: 24px;\">\n<td style=\"width: 72.1649%; height: 24px;\" colspan=\"2\">&nbsp;<\/p>\n<p><span style=\"text-decoration: underline;\"><strong>Jogging des Poires \u00e0 Pesche Le 24\/8\/19<\/strong><\/span><\/td>\n<td style=\"width: 14.2857%; height: 24px;\">&nbsp;<\/td>\n<td style=\"width: 13.4021%; height: 24px;\">&nbsp;<\/td>\n<\/tr>\n<tr style=\"height: 24px;\">\n<td style=\"width: 12.813%; height: 24px;\"><strong>10,3 Km<\/strong><\/td>\n<td style=\"width: 59.352%; height: 24px;\">116 Class\u00e9s<\/td>\n<td style=\"width: 14.2857%; height: 24px;\">&nbsp;<\/td>\n<td style=\"width: 13.4021%; height: 24px;\">&nbsp;<\/td>\n<\/tr>\n<tr style=\"height: 24px;\">\n<td style=\"width: 12.813%; height: 24px;\">27<\/td>\n<td style=\"width: 59.352%; height: 24px;\">BRUNEBARBE Jo\u00ebl<\/td>\n<td style=\"width: 14.2857%; height: 24px;\">52&rsquo;02<\/td>\n<td style=\"width: 13.4021%; height: 24px;\">11 V1<\/td>\n<\/tr>\n<tr style=\"height: 24px;\">\n<td style=\"width: 12.813%; height: 24px;\">32<\/td>\n<td style=\"width: 59.352%; height: 24px;\">HAMOIR Karen<\/td>\n<td style=\"width: 14.2857%; height: 24px;\">53&rsquo;13<\/td>\n<td style=\"width: 13.4021%; height: 24px;\">1 A1<\/td>\n<\/tr>\n<tr style=\"height: 24px;\">\n<td style=\"width: 12.813%; height: 24px;\">46<\/td>\n<td style=\"width: 59.352%; height: 24px;\">BRICE Virginie<\/td>\n<td style=\"width: 14.2857%; height: 24px;\">55&rsquo;57<\/td>\n<td style=\"width: 13.4021%; height: 24px;\">2 A1<\/td>\n<\/tr>\n<tr style=\"height: 24px;\">\n<td style=\"width: 12.813%; height: 24px;\">78<\/td>\n<td style=\"width: 59.352%; height: 24px;\">DENIC Christian<\/td>\n<td style=\"width: 14.2857%; height: 24px;\">1h04&rsquo;14<\/td>\n<td style=\"width: 13.4021%; height: 24px;\">4 V4<\/td>\n<\/tr>\n<tr style=\"height: 24px;\">\n<td style=\"width: 12.813%; height: 24px;\">83<\/td>\n<td style=\"width: 59.352%; height: 24px;\">GALLUCCIO Antonio<\/td>\n<td style=\"width: 14.2857%; height: 24px;\">1h05&rsquo;26<\/td>\n<td style=\"width: 13.4021%; height: 24px;\">7 V3<\/td>\n<\/tr>\n<tr style=\"height: 24px;\">\n<td style=\"width: 12.813%; height: 24px;\">114<\/td>\n<td style=\"width: 59.352%; height: 24px;\">THIRION Fanfan<\/td>\n<td style=\"width: 14.2857%; height: 24px;\">1h23&rsquo;01<\/td>\n<td style=\"width: 13.4021%; height: 24px;\">1 A4<\/td>\n<\/tr>\n<tr style=\"height: 24px;\">\n<td style=\"width: 72.1649%; height: 24px;\" colspan=\"2\">&nbsp;<\/p>\n<p><span style=\"text-decoration: underline;\"><strong>Jogging de Nil Saint Vincent Le 24\/8\/19<\/strong><\/span><\/td>\n<td style=\"width: 14.2857%; height: 24px;\">&nbsp;<\/td>\n<td style=\"width: 13.4021%; height: 24px;\">&nbsp;<\/td>\n<\/tr>\n<tr style=\"height: 24px;\">\n<td style=\"width: 12.813%; height: 24px;\"><strong>10,9 Km<\/strong><\/td>\n<td style=\"width: 59.352%; height: 24px;\">\u2026.. Class\u00e9s<\/td>\n<td style=\"width: 14.2857%; height: 24px;\">&nbsp;<\/td>\n<td style=\"width: 13.4021%; height: 24px;\">&nbsp;<\/td>\n<\/tr>\n<tr style=\"height: 24px;\">\n<td style=\"width: 12.813%; height: 24px;\">150<\/td>\n<td style=\"width: 59.352%; height: 24px;\">DE WULF Luc<\/td>\n<td style=\"width: 14.2857%; height: 24px;\">58&rsquo;26<\/td>\n<td style=\"width: 13.4021%; height: 24px;\">&nbsp;<\/td>\n<\/tr>\n<tr style=\"height: 24px;\">\n<td style=\"width: 12.813%; height: 24px;\">43<\/td>\n<td style=\"width: 59.352%; height: 24px;\">GIOVANNANGELO Alain<\/td>\n<td style=\"width: 14.2857%; height: 24px;\">1h05&rsquo;55<\/td>\n<td style=\"width: 13.4021%; height: 24px;\">&nbsp;<\/td>\n<\/tr>\n<tr style=\"height: 24px;\">\n<td style=\"width: 12.813%; height: 24px;\">264<\/td>\n<td style=\"width: 59.352%; height: 24px;\">VLAMINCK Andr\u00e9<\/td>\n<td style=\"width: 14.2857%; height: 24px;\">1h07&rsquo;19<\/td>\n<td style=\"width: 13.4021%; height: 24px;\">&nbsp;<\/td>\n<\/tr>\n<tr style=\"height: 24px;\">\n<td style=\"width: 12.813%; height: 24px;\">265<\/td>\n<td style=\"width: 59.352%; height: 24px;\">COUTELLIER Marie-Louise<\/td>\n<td style=\"width: 14.2857%; height: 24px;\">1h07&rsquo;22<\/td>\n<td style=\"width: 13.4021%; height: 24px;\">&nbsp;<\/td>\n<\/tr>\n<tr style=\"height: 24px;\">\n<td style=\"width: 72.1649%; height: 24px;\" colspan=\"2\">&nbsp;<\/p>\n<p><strong>Classement de la Flanders cup \u00e0 Huizingen Le 24\/8\/19<\/strong><\/td>\n<td style=\"width: 14.2857%; height: 24px;\">&nbsp;<\/td>\n<td style=\"width: 13.4021%; height: 24px;\">&nbsp;<\/td>\n<\/tr>\n<tr style=\"height: 24px;\">\n<td style=\"width: 12.813%; height: 24px;\"><strong>800 m<\/strong><\/td>\n<td style=\"width: 59.352%; height: 24px;\"><span style=\"color: #ff0000;\">Nouveau record personnel pour Nicolas<\/span><\/td>\n<td style=\"width: 14.2857%; height: 24px;\">&nbsp;<\/td>\n<td style=\"width: 13.4021%; height: 24px;\">&nbsp;<\/td>\n<\/tr>\n<tr style=\"height: 24px;\">\n<td style=\"width: 12.813%; height: 24px;\">2<\/td>\n<td style=\"width: 59.352%; height: 24px;\">MORTIER Nicolas<\/td>\n<td style=\"width: 14.2857%; height: 24px;\">1&rsquo;59&rsquo;41<\/td>\n<td style=\"width: 13.4021%; height: 24px;\">&nbsp;<\/td>\n<\/tr>\n<\/tbody>\n<\/table>\n","protected":false},"excerpt":{"rendered":"<p>&nbsp; Encore de beaux r\u00e9sultats engendr\u00e9s ce WE, notamment au jogging des Poires \u00e0 Pesches o\u00f9 Karen et Fanfan s&rsquo;adjugent la 1\u00e8re place de leur cat\u00e9gorie et au trail de l&rsquo;eau blanche o\u00f9 B\u00e9reng\u00e8re prend \u00e9galement la 1\u00e8re place.&nbsp;<\/p>\n","protected":false},"author":5,"featured_media":0,"comment_status":"closed","ping_status":"closed","sticky":false,"template":"","format":"standard","meta":{"footnotes":""},"categories":[2,3],"tags":[],"class_list":["post-1500","post","type-post","status-publish","format-standard","hentry","category-news","category-resultats"],"_links":{"self":[{"href":"https:\/\/esmclub.be\/site\/wp-json\/wp\/v2\/posts\/1500","targetHints":{"allow":["GET"]}}],"collection":[{"href":"https:\/\/esmclub.be\/site\/wp-json\/wp\/v2\/posts"}],"about":[{"href":"https:\/\/esmclub.be\/site\/wp-json\/wp\/v2\/types\/post"}],"author":[{"embeddable":true,"href":"https:\/\/esmclub.be\/site\/wp-json\/wp\/v2\/users\/5"}],"replies":[{"embeddable":true,"href":"https:\/\/esmclub.be\/site\/wp-json\/wp\/v2\/comments?post=1500"}],"version-history":[{"count":2,"href":"https:\/\/esmclub.be\/site\/wp-json\/wp\/v2\/posts\/1500\/revisions"}],"predecessor-version":[{"id":1503,"href":"https:\/\/esmclub.be\/site\/wp-json\/wp\/v2\/posts\/1500\/revisions\/1503"}],"wp:attachment":[{"href":"https:\/\/esmclub.be\/site\/wp-json\/wp\/v2\/media?parent=1500"}],"wp:term":[{"taxonomy":"category","embeddable":true,"href":"https:\/\/esmclub.be\/site\/wp-json\/wp\/v2\/categories?post=1500"},{"taxonomy":"post_tag","embeddable":true,"href":"https:\/\/esmclub.be\/site\/wp-json\/wp\/v2\/tags?post=1500"}],"curies":[{"name":"wp","href":"https:\/\/api.w.org\/{rel}","templated":true}]}}