{"id":1714,"date":"2019-09-27T18:28:34","date_gmt":"2019-09-27T16:28:34","guid":{"rendered":"https:\/\/esmclub.be\/site\/?p=1714"},"modified":"2019-09-27T19:00:11","modified_gmt":"2019-09-27T17:00:11","slug":"details-deplacement-sedan","status":"publish","type":"post","link":"https:\/\/esmclub.be\/site\/details-deplacement-sedan\/","title":{"rendered":"D\u00e9tails d\u00e9placement SEDAN"},"content":{"rendered":"<p><img loading=\"lazy\" decoding=\"async\" class=\"size-medium wp-image-1222 alignleft\" src=\"https:\/\/esmclub.be\/wp-content\/uploads\/2019\/06\/charleville-m\u00e9zi\u00e8re-300x300.png\" alt=\"\" width=\"300\" height=\"300\" srcset=\"https:\/\/esmclub.be\/wp-content\/uploads\/2019\/06\/charleville-m\u00e9zi\u00e8re-300x300.png 300w, https:\/\/esmclub.be\/wp-content\/uploads\/2019\/06\/charleville-m\u00e9zi\u00e8re-150x150.png 150w, https:\/\/esmclub.be\/wp-content\/uploads\/2019\/06\/charleville-m\u00e9zi\u00e8re.png 378w\" sizes=\"auto, (max-width: 300px) 100vw, 300px\" \/><\/p>\n<p>&nbsp;<\/p>\n<p>&nbsp;<\/p>\n<p>Voici le d\u00e9tail du d\u00e9roulement de notre d\u00e9placement ESM \u00e0 Sedan-Charleville le 6 octobre prochain&nbsp;:<\/p>\n<p><!--more--><\/p>\n<p>Rendez-vous \u00e0 8 h 45 sur la place de Mont-sur-Marchienne.<\/p>\n<p>&nbsp;<\/p>\n<p>D\u00e9part du car \u00e0 9 h pile (nous ne pouvons pas nous permettre d\u2019attendre les retardataires vu les contraintes horaires du chauffeur).<\/p>\n<p>&nbsp;<\/p>\n<p>Arriv\u00e9e \u00e0 Sedan vers 10 h 30&nbsp;?<\/p>\n<p>&nbsp;<\/p>\n<p>Retrait des dossards (vous recevrez les instructions dans le car).<\/p>\n<p>&nbsp;<\/p>\n<p>D\u00e9p\u00f4t de votre sac de tenue de rechange \u00e0 la consigne de Sedan.<\/p>\n<p>&nbsp;<\/p>\n<p>D\u00e9part de la course \u00e0 13 h.<\/p>\n<p>&nbsp;<\/p>\n<p>Ligne d\u2019arriv\u00e9e Place Ducale.<\/p>\n<p>&nbsp;<\/p>\n<p>R\u00e9cup\u00e9ration de votre sac \u00e0 la consigne de Charleville (March\u00e9 couvert).<\/p>\n<p>&nbsp;<\/p>\n<p>16 h 30&nbsp;: tirage au sort gratifi\u00e9 d\u2019une <strong>SEAT <\/strong>et de lots divers. Pour en b\u00e9n\u00e9ficier, pr\u00e9sence et carte d\u2019identit\u00e9 obligatoire et arriv\u00e9e avant 16h15 indispensable.<\/p>\n<p>&nbsp;<\/p>\n<p>17 h 30&nbsp;: podiums et remise des prix aux laur\u00e9ats (pr\u00e9sence obligatoire) salle du Forum, rue Jean Jaur\u00e8s.<\/p>\n<p>&nbsp;<\/p>\n<p>19 h&nbsp;: d\u00e9part du car pour le retour (pas d\u2019arr\u00eat pr\u00e9vu).&nbsp;<\/p>\n<p>&nbsp;<\/p>\n<p>Arriv\u00e9e sur la place de Mont-sur-Marchienne au plus tard \u00e0 21 h.<\/p>\n<p>&nbsp;<\/p>\n<p>Divers&nbsp;:<\/p>\n<p>Maillot ESM obligatoire.<\/p>\n<p>Porte-dossards interdits. Pr\u00e9voir 4 \u00e9pingles pour accrocher le dossard sur la poitrine.<\/p>\n<p>Un T-shirt, un tour de cou et une m\u00e9daille de collection monnaie de Paris seront offerts \u00e0 chacun par l\u2019organisation. (O\u00f9, quand, \u2026&nbsp;??? Je n\u2019ai pas pu obtenir de r\u00e9ponse).<\/p>\n<p>Ravitos&nbsp;: plac\u00e9s aux kilom\u00e8tres 5, 10, 13, 18, 21 et \u00e0 l\u2019arriv\u00e9e.<\/p>\n<p>Toilettes au d\u00e9part et \u00e0 l\u2019arriv\u00e9e mais pas sur le parcours.<\/p>\n<p>Accompagnateurs \u00e0 v\u00e9lo strictement interdits.<\/p>\n<p>&nbsp;<\/p>\n<p>A bient\u00f4t, en pleine forme pour ce d\u00e9placement.<\/p>\n<p>&nbsp;<\/p>\n<p>Fanfan et Luc<\/p>\n<p>\ud83c\udfc3\ud83c\udfc3\ud83c\udfc3\ud83c\udfc3\ud83c\udfc3<\/p>\n","protected":false},"excerpt":{"rendered":"<p>&nbsp; &nbsp; Voici le d\u00e9tail du d\u00e9roulement de notre d\u00e9placement ESM \u00e0 Sedan-Charleville le 6 octobre prochain&nbsp;:<\/p>\n","protected":false},"author":5,"featured_media":0,"comment_status":"closed","ping_status":"closed","sticky":false,"template":"","format":"standard","meta":{"footnotes":""},"categories":[9,2],"tags":[],"class_list":["post-1714","post","type-post","status-publish","format-standard","hentry","category-les-deplacements","category-news"],"_links":{"self":[{"href":"https:\/\/esmclub.be\/site\/wp-json\/wp\/v2\/posts\/1714","targetHints":{"allow":["GET"]}}],"collection":[{"href":"https:\/\/esmclub.be\/site\/wp-json\/wp\/v2\/posts"}],"about":[{"href":"https:\/\/esmclub.be\/site\/wp-json\/wp\/v2\/types\/post"}],"author":[{"embeddable":true,"href":"https:\/\/esmclub.be\/site\/wp-json\/wp\/v2\/users\/5"}],"replies":[{"embeddable":true,"href":"https:\/\/esmclub.be\/site\/wp-json\/wp\/v2\/comments?post=1714"}],"version-history":[{"count":3,"href":"https:\/\/esmclub.be\/site\/wp-json\/wp\/v2\/posts\/1714\/revisions"}],"predecessor-version":[{"id":1720,"href":"https:\/\/esmclub.be\/site\/wp-json\/wp\/v2\/posts\/1714\/revisions\/1720"}],"wp:attachment":[{"href":"https:\/\/esmclub.be\/site\/wp-json\/wp\/v2\/media?parent=1714"}],"wp:term":[{"taxonomy":"category","embeddable":true,"href":"https:\/\/esmclub.be\/site\/wp-json\/wp\/v2\/categories?post=1714"},{"taxonomy":"post_tag","embeddable":true,"href":"https:\/\/esmclub.be\/site\/wp-json\/wp\/v2\/tags?post=1714"}],"curies":[{"name":"wp","href":"https:\/\/api.w.org\/{rel}","templated":true}]}}