{"id":3335,"date":"2021-10-29T16:27:08","date_gmt":"2021-10-29T14:27:08","guid":{"rendered":"https:\/\/esmclub.be\/site\/?p=3335"},"modified":"2021-10-29T16:27:08","modified_gmt":"2021-10-29T14:27:08","slug":"reorganisation-des-groupes-du-mercredi","status":"publish","type":"post","link":"https:\/\/esmclub.be\/site\/reorganisation-des-groupes-du-mercredi\/","title":{"rendered":"R\u00e9organisation des groupes du mercredi"},"content":{"rendered":"<p><strong>Groupes de travail du mercredi <\/strong><\/p>\n<p>&nbsp;<\/p>\n<p>A partir du mois de novembre, on reprend le fonctionnement des entra\u00eenements en 4 groupes,&nbsp; qui ont chacun un travail sp\u00e9cifique , qui correspond au niveau et caract\u00e9ristiques communes des personnes qui composent le groupe. Chaque groupe effectue le m\u00eame programme , avec son r\u00e9f\u00e9rent, mais avec des vitesses d\u2019ex\u00e9cution diff\u00e9rentes.<\/p>\n<p>1. <u>Description des groupes&nbsp;<\/u>:<\/p>\n<p><strong>Groupe&nbsp; 1&nbsp;:<\/strong><\/p>\n<p>Personnes qui s\u2019entra\u00eenent au min 4 fois par semaine, qui ont des objectifs clairs de comp\u00e9tition et qui valent, \u00e0 titre indicatif,&nbsp; \u00b1 &nbsp;entre 32 et 42 \u2018 sur 10. sur 10 kms<\/p>\n<p>3 sous-groupes Gr 1 A&nbsp;: 32 \u00e0 37-38\u2019, Gr 1 B 37- 38 \u00e0 40\u2019, Gr 1 C&nbsp;: 40 \u00e0 42-43<\/p>\n<p>&nbsp;<\/p>\n<p><strong>Groupe&nbsp; 2<\/strong><\/p>\n<p>Personnes qui s\u2019entra\u00eenent au min 3 fois par semaine, qui ont des objectifs de comp\u00e9tition et qui valent, \u00e0 titre indicatif,&nbsp; \u00b1&nbsp; entre 42 et 52\u2018 sur 10 kms<\/p>\n<p>4 sous-groupes Gr 2 A&nbsp;: 42&nbsp; \u00e0 43-45\u2019, Gr 2 B&nbsp;: 44-45\u2019 \u00e0 46-47\u2019, Gr 2 C&nbsp;: 46\u2019 \u00e0 49\u2019, Gr 2 D: 49 \u00e0 52\u2019<\/p>\n<p>&nbsp;<\/p>\n<p><strong>Groupe&nbsp; 3&nbsp;:<\/strong><\/p>\n<p>Personnes qui s\u2019entra\u00eenent au min 2 fois par semaine, voire 3, qui ont occasionnellement des objectifs de comp\u00e9tition et qui valent, \u00e0 titre indicatif,&nbsp; \u00b1&nbsp; entre 52 et 60\u2018 sur 10 kms<\/p>\n<p>2 sous-groupes Gr 3 A&nbsp;: 52 \u00e0 55-56\u2019, Gr 3&nbsp;B&nbsp;:&nbsp; 55- 60\u2019.<\/p>\n<p>&nbsp;<\/p>\n<p><strong>Groupe&nbsp; 4&nbsp;:<\/strong><\/p>\n<p>Personnes qui s\u2019entra\u00eenent au min 2 fois par semaine, qui veulent progresser en travaillant en qualit\u00e9 et qui valent plus de 80 \u2018 sur 10 kms.<\/p>\n<p>2 sous-groupes Gr 4 A&nbsp;: fractionn\u00e9, Gr 4 B&nbsp;: endurance qualitative<\/p>\n<p>&nbsp;<\/p>\n<ol start=\"2\">\n<li><u>Organisation de groupes&nbsp;:<\/u><\/li>\n<\/ol>\n<p>&nbsp;<\/p>\n<p>Chaque coureur est invit\u00e9 \u00e0 s\u2019ins\u00e9rer , sur base volontaire, dans un groupe dans lequel il trouvera un r\u00e9f\u00e9rent. L\u2019insertion dans le groupe est \u00e9volutive selon la motivation et la forme. Des changements sont possibles r\u00e9guli\u00e8rement.<\/p>\n<p>&nbsp;<\/p>\n<ol start=\"3\">\n<li><u> Les r\u00e9f\u00e9rents<\/u><\/li>\n<\/ol>\n<p>Les r\u00e9f\u00e9rents veillent \u00e0 la bonne ex\u00e9cution du programme&nbsp;: allures, temps de r\u00e9cup, homog\u00e9n\u00e9it\u00e9 du groupe.<\/p>\n<p>&nbsp;<\/p>\n<ol start=\"4\">\n<li><u> Organisation g\u00e9n\u00e9rale<\/u><\/li>\n<\/ol>\n<table width=\"643\">\n<tbody>\n<tr>\n<td width=\"87\">Groupes<\/td>\n<td width=\"556\">r\u00e9f\u00e9rents<\/td>\n<\/tr>\n<tr>\n<td width=\"87\">Gr 1 A<\/td>\n<td width=\"556\">S\u00e9bastien<\/td>\n<\/tr>\n<tr>\n<td width=\"87\">Gr 1 B<\/td>\n<td width=\"556\">Bertrand<\/td>\n<\/tr>\n<tr>\n<td width=\"87\">Gr 1 C<\/td>\n<td width=\"556\">Virginie<\/td>\n<\/tr>\n<tr>\n<td width=\"87\">Gr 2 A<\/td>\n<td width=\"556\">Pascal &#8211; &gt;Eric<\/td>\n<\/tr>\n<tr>\n<td width=\"87\">Gr 2 B<\/td>\n<td width=\"556\">Beno\u00eet<\/td>\n<\/tr>\n<tr>\n<td width=\"87\">Gr 2 C<\/td>\n<td width=\"556\">Camille \u2013 Pierre- Michel<\/td>\n<\/tr>\n<tr>\n<td width=\"87\">Gr 2 D<\/td>\n<td width=\"556\">B\u00e9n\u00e9dicte- Florence<\/td>\n<\/tr>\n<tr>\n<td width=\"87\">Gr 3 A<\/td>\n<td width=\"556\">??<\/td>\n<\/tr>\n<tr>\n<td width=\"87\">Gr 3 B<\/td>\n<td width=\"556\">Fran\u00e7oise<\/td>\n<\/tr>\n<tr>\n<td width=\"87\">Gr 4 A<\/td>\n<td width=\"556\">Serge \u2013 Christian<\/td>\n<\/tr>\n<tr>\n<td width=\"87\">Gr 4 B<\/td>\n<td width=\"556\">Raymond<\/td>\n<\/tr>\n<\/tbody>\n<\/table>\n","protected":false},"excerpt":{"rendered":"<p>Groupes de travail du mercredi &nbsp; A partir du mois de novembre, on reprend le fonctionnement des entra\u00eenements en 4 groupes,&nbsp; qui ont chacun un travail sp\u00e9cifique , qui correspond au niveau et caract\u00e9ristiques communes des personnes qui composent le &hellip;<\/p>\n<p><a href=\"https:\/\/esmclub.be\/site\/reorganisation-des-groupes-du-mercredi\/\">Continue Reading<span class=\"meta-nav\">&rarr;<\/span><\/a><\/p>\n","protected":false},"author":5,"featured_media":0,"comment_status":"open","ping_status":"closed","sticky":false,"template":"","format":"standard","meta":{"footnotes":""},"categories":[6,2],"tags":[],"class_list":["post-3335","post","type-post","status-publish","format-standard","hentry","category-entrainements","category-news"],"_links":{"self":[{"href":"https:\/\/esmclub.be\/site\/wp-json\/wp\/v2\/posts\/3335","targetHints":{"allow":["GET"]}}],"collection":[{"href":"https:\/\/esmclub.be\/site\/wp-json\/wp\/v2\/posts"}],"about":[{"href":"https:\/\/esmclub.be\/site\/wp-json\/wp\/v2\/types\/post"}],"author":[{"embeddable":true,"href":"https:\/\/esmclub.be\/site\/wp-json\/wp\/v2\/users\/5"}],"replies":[{"embeddable":true,"href":"https:\/\/esmclub.be\/site\/wp-json\/wp\/v2\/comments?post=3335"}],"version-history":[{"count":1,"href":"https:\/\/esmclub.be\/site\/wp-json\/wp\/v2\/posts\/3335\/revisions"}],"predecessor-version":[{"id":3336,"href":"https:\/\/esmclub.be\/site\/wp-json\/wp\/v2\/posts\/3335\/revisions\/3336"}],"wp:attachment":[{"href":"https:\/\/esmclub.be\/site\/wp-json\/wp\/v2\/media?parent=3335"}],"wp:term":[{"taxonomy":"category","embeddable":true,"href":"https:\/\/esmclub.be\/site\/wp-json\/wp\/v2\/categories?post=3335"},{"taxonomy":"post_tag","embeddable":true,"href":"https:\/\/esmclub.be\/site\/wp-json\/wp\/v2\/tags?post=3335"}],"curies":[{"name":"wp","href":"https:\/\/api.w.org\/{rel}","templated":true}]}}